{"id":13339,"date":"2025-12-10T09:42:18","date_gmt":"2025-12-10T09:42:18","guid":{"rendered":"https:\/\/oftalmedic.es\/oftalmedic-salva-zweite-generation-treibt-innovation-in-der-augenheilkunde-voran\/"},"modified":"2025-12-10T09:42:18","modified_gmt":"2025-12-10T09:42:18","slug":"oftalmedic-salva-zweite-generation-treibt-innovation-in-der-augenheilkunde-voran","status":"publish","type":"post","link":"https:\/\/oftalmedic.es\/de\/oftalmedic-salva-zweite-generation-treibt-innovation-in-der-augenheilkunde-voran\/","title":{"rendered":"Oftalmedic Salv\u00e0: Zweite Generation treibt Innovation in der Augenheilkunde voran"},"content":{"rendered":"<p><strong>Oftalmedic Salv\u00e0, ein f\u00fchrendes augen\u00e4rztliches Zentrum auf Mallorca, st\u00e4rkt sein Engagement f\u00fcr medizinische Exzellenz und modernste Technologie durch den Eintritt der zweiten Familiengeneration in die Augenheilkunde.<\/strong><\/p>\n<p>Oftalmedic Salv\u00e0 verf\u00fcgt nun \u00fcber eine zweite Generation von Fachkr\u00e4ften und er\u00f6ffnet damit eine neue Phase, die von Innovation und Kontinuit\u00e4t gepr\u00e4gt ist. Die drei Kinder des Gr\u00fcnders, <a href=\"https:\/\/oftalmedic.es\/de\/equipo\/dr-luis-salva-ladaria\/\" target=\"_blank\" rel=\"noopener\">Dr. Luis Salv\u00e0 Ladaria<\/a>, sind in das medizinische und leitende Team eingetreten und festigen die zweite der Augenheilkunde gewidmete Generation der Familie. <\/p>\n<h4>Augenheilkunde auf h\u00f6chstem Niveau<\/h4>\n<p>Das Zentrum wurde vor mehr als 30 Jahren gegr\u00fcndet und ist mit einem klaren Ziel gewachsen: hochpr\u00e4zise Augenheilkunde auf Basis der neuesten technologischen Entwicklungen anzubieten. Zu den bedeutendsten Fortschritten, die in den letzten Jahren die Branche gepr\u00e4gt haben, z\u00e4hlen das Aufkommen der <strong>KI<\/strong>, der Einsatz <strong>hochaufl\u00f6sender Bildgebungssysteme<\/strong>, die Entwicklung <strong>hochpr\u00e4ziser Laser <\/strong>sowie <strong>neue Materialien f\u00fcr Intraokularlinsen<\/strong>. <\/p>\n<p>All diese Neuerungen haben die Pr\u00e4zision chirurgischer Eingriffe in allen Bereichen der Augenheilkunde verbessert, darunter refraktive Chirurgie, Kataraktchirurgie, Hornhautchirurgie, Netzhautchirurgie und mehr. Dies f\u00fchrt zu sichereren, vorhersehbareren Verfahren mit geringerem Komplikationsrisiko und somit zu einer besseren Lebensqualit\u00e4t f\u00fcr die Patienten. <\/p>\n<p>Dank der Investition in modernste Technologie und der Einbindung der zweiten Generation von Augenheilkundespezialisten st\u00e4rkt Oftalmedic Salv\u00e0 sein Engagement f\u00fcr die Sehgesundheit der mallorquinischen Gemeinschaft.<\/p>\n<p>Unter der medizinischen Leitung von Dr. Luis Salv\u00e0 geh\u00f6ren zum <strong>\u00c4rzteteam <\/strong>nun auch <a href=\"https:\/\/oftalmedic.es\/de\/equipo\/dra-teresa-salva-palomeque\/\" target=\"_blank\" rel=\"noopener\">Dra. Teresa Salv\u00e0 Palomeque <\/a>, Spezialistin f\u00fcr medizinische und chirurgische Netzhautbehandlung und Katarakttherapie, sowie <a href=\"https:\/\/oftalmedic.es\/de\/dr-pedro-luis-salva-palomeque\/\" target=\"_blank\" rel=\"noopener\">Dr. Pedro Salv\u00e0 Palomeque<\/a>, Experte f\u00fcr Katarakttherapie, refraktive Chirurgie und Hornhaut.<\/p>\n<p>Im <strong>Bereich Verwaltung<\/strong> leiten Maria Antonia Salv\u00e0 Palomeque gemeinsam mit Elena Palomeque Casta\u00f1o, Ehefrau von Dr. Salv\u00e0 und Mutter seiner drei Kinder, die administrativen und strategischen Abl\u00e4ufe des Zentrums.<\/p>\n<h4>Eine Geschichte von Fortschritt und Berufung<\/h4>\n<p>Von einer kleinen Familienpraxis zu einem Referenzzentrum auf den Balearen \u2013 die Geschichte von Oftalmedic Salv\u00e0 ist zugleich die Geschichte der modernen Augenheilkunde. \u201eUnser Ziel ist es, das Vertrauen unserer Patienten zu bewahren, indem wir die beste Betreuung und die modernste Technologie in der Augenheilkunde anbieten\u201c, erkl\u00e4rt Dr. Teresa Salv\u00e0. \u201eMit der Leidenschaft unseres Vaters f\u00fcr die Medizin aufzuwachsen, hat uns dazu inspiriert, uns exzellent auszubilden und stets an der Spitze zu bleiben\u201c, erg\u00e4nzt Dr. Pedro Salv\u00e0.   <\/p>\n<p>Maria Antonia Salv\u00e0 betont ihrerseits die menschlichen Werte, die den technischen Fortschritt begleiten: \u201eInnovation bedeutet auch, die Werte lebendig zu halten, die uns unsere Eltern vermittelt haben: N\u00e4he, Engagement und Dienst an unserer Gemeinschaft.\u201c<\/p>\n<p>So blickt Oftalmedic Salv\u00e0 als famili\u00e4res Team in eine <strong>Zukunft<\/strong>, die von wissenschaftlichem Fortschritt, hoher Versorgungsqualit\u00e4t und dem Engagement f\u00fcr die <strong>Augengesundheit Mallorcas<\/strong> gepr\u00e4gt ist.<\/p>\n","protected":false},"excerpt":{"rendered":"<p>Oftalmedic Salv\u00e0, ein f\u00fchrendes augen\u00e4rztliches Zentrum auf Mallorca, st\u00e4rkt sein Engagement f\u00fcr medizinische Exzellenz und modernste Technologie durch den Eintritt der zweiten Familiengeneration in die Augenheilkunde. Oftalmedic Salv\u00e0 verf\u00fcgt nun \u00fcber eine zweite Generation von Fachkr\u00e4ften und er\u00f6ffnet damit eine neue Phase, die von Innovation und Kontinuit\u00e4t gepr\u00e4gt ist. Die drei Kinder des Gr\u00fcnders, Dr. Luis Salv\u00e0 Ladaria, sind in&#8230;<\/p>\n","protected":false},"author":5,"featured_media":13336,"comment_status":"open","ping_status":"closed","sticky":false,"template":"","format":"standard","meta":{"footnotes":""},"categories":[1831],"tags":[1864,1866,1837,1863,1865],"class_list":{"0":"post-13339","1":"post","2":"type-post","3":"status-publish","4":"format-standard","5":"has-post-thumbnail","7":"category-oftalmedic-salva-gruppe","8":"tag-augenarzte","9":"tag-dr-salvas-kinder","10":"tag-mallorca-de","11":"tag-oftalmedic-salva-de","12":"tag-zweite-generation"},"yoast_head":"<!-- This site is optimized with the Yoast SEO plugin v27.1.1 - https:\/\/yoast.com\/product\/yoast-seo-wordpress\/ -->\n<title>Oftalmedic Salv\u00e0 zweite Generation Augenheilkunde | Blog<\/title>\n<meta name=\"description\" content=\"Oftalmedic Salv\u00e0: zweite Generation in der Augenheilkunde, mit einem klaren Bekenntnis zu Exzellenz und modernster Technologie.\" \/>\n<meta name=\"robots\" content=\"index, follow, max-snippet:-1, max-image-preview:large, max-video-preview:-1\" \/>\n<link rel=\"canonical\" href=\"https:\/\/oftalmedic.es\/de\/oftalmedic-salva-zweite-generation-treibt-innovation-in-der-augenheilkunde-voran\/\" \/>\n<meta property=\"og:locale\" content=\"de_DE\" \/>\n<meta property=\"og:type\" content=\"article\" \/>\n<meta property=\"og:title\" content=\"Oftalmedic Salv\u00e0 zweite Generation Augenheilkunde | Blog\" \/>\n<meta property=\"og:description\" content=\"Oftalmedic Salv\u00e0: zweite Generation in der Augenheilkunde, mit einem klaren Bekenntnis zu Exzellenz und modernster Technologie.\" \/>\n<meta property=\"og:url\" content=\"https:\/\/oftalmedic.es\/de\/oftalmedic-salva-zweite-generation-treibt-innovation-in-der-augenheilkunde-voran\/\" \/>\n<meta property=\"og:site_name\" content=\"Oftalmedic Salv\u00e1\" \/>\n<meta property=\"article:publisher\" content=\"https:\/\/www.facebook.com\/OftalmedicSalva\/\" \/>\n<meta property=\"article:published_time\" content=\"2025-12-10T09:42:18+00:00\" \/>\n<meta property=\"og:image\" content=\"https:\/\/oftalmedic.es\/wp-content\/uploads\/2025\/12\/oftalmedic-salva-segunda-generacion-scaled.jpg\" \/>\n\t<meta property=\"og:image:width\" content=\"2560\" \/>\n\t<meta property=\"og:image:height\" content=\"938\" \/>\n\t<meta property=\"og:image:type\" content=\"image\/jpeg\" \/>\n<meta name=\"author\" content=\"Oftalmedic Salv\u00e0\" \/>\n<meta name=\"twitter:card\" content=\"summary_large_image\" \/>\n<meta name=\"twitter:creator\" content=\"@OftalmedicSalva\" \/>\n<meta name=\"twitter:site\" content=\"@OftalmedicSalva\" \/>\n<meta name=\"twitter:label1\" content=\"Verfasst von\" \/>\n\t<meta name=\"twitter:data1\" content=\"Oftalmedic Salv\u00e0\" \/>\n\t<meta name=\"twitter:label2\" content=\"Gesch\u00e4tzte Lesezeit\" \/>\n\t<meta name=\"twitter:data2\" content=\"2\u00a0Minuten\" \/>\n<script type=\"application\/ld+json\" class=\"yoast-schema-graph\">{\"@context\":\"https:\/\/schema.org\",\"@graph\":[{\"@type\":\"Article\",\"@id\":\"https:\/\/oftalmedic.es\/de\/oftalmedic-salva-zweite-generation-treibt-innovation-in-der-augenheilkunde-voran\/#article\",\"isPartOf\":{\"@id\":\"https:\/\/oftalmedic.es\/de\/oftalmedic-salva-zweite-generation-treibt-innovation-in-der-augenheilkunde-voran\/\"},\"author\":{\"name\":\"Oftalmedic Salv\u00e0\",\"@id\":\"https:\/\/oftalmedic.es\/de\/#\/schema\/person\/761f6bd9d689d59ed1dcf2cdf915def1\"},\"headline\":\"Oftalmedic Salv\u00e0: Zweite Generation treibt Innovation in der Augenheilkunde voran\",\"datePublished\":\"2025-12-10T09:42:18+00:00\",\"mainEntityOfPage\":{\"@id\":\"https:\/\/oftalmedic.es\/de\/oftalmedic-salva-zweite-generation-treibt-innovation-in-der-augenheilkunde-voran\/\"},\"wordCount\":454,\"commentCount\":0,\"publisher\":{\"@id\":\"https:\/\/oftalmedic.es\/de\/#organization\"},\"image\":{\"@id\":\"https:\/\/oftalmedic.es\/de\/oftalmedic-salva-zweite-generation-treibt-innovation-in-der-augenheilkunde-voran\/#primaryimage\"},\"thumbnailUrl\":\"https:\/\/oftalmedic.es\/wp-content\/uploads\/2025\/12\/oftalmedic-salva-segunda-generacion-scaled.jpg\",\"keywords\":[\"Augen\u00e4rzte\",\"Dr. Salv\u00e0s Kinder\",\"Mallorca\",\"Oftalmedic Salv\u00e0\",\"zweite generation\"],\"articleSection\":[\"Oftalmedic Salv\u00e0 Gruppe\"],\"inLanguage\":\"de\",\"potentialAction\":[{\"@type\":\"CommentAction\",\"name\":\"Comment\",\"target\":[\"https:\/\/oftalmedic.es\/de\/oftalmedic-salva-zweite-generation-treibt-innovation-in-der-augenheilkunde-voran\/#respond\"]}]},{\"@type\":\"WebPage\",\"@id\":\"https:\/\/oftalmedic.es\/de\/oftalmedic-salva-zweite-generation-treibt-innovation-in-der-augenheilkunde-voran\/\",\"url\":\"https:\/\/oftalmedic.es\/de\/oftalmedic-salva-zweite-generation-treibt-innovation-in-der-augenheilkunde-voran\/\",\"name\":\"Oftalmedic Salv\u00e0 zweite Generation Augenheilkunde | Blog\",\"isPartOf\":{\"@id\":\"https:\/\/oftalmedic.es\/de\/#website\"},\"primaryImageOfPage\":{\"@id\":\"https:\/\/oftalmedic.es\/de\/oftalmedic-salva-zweite-generation-treibt-innovation-in-der-augenheilkunde-voran\/#primaryimage\"},\"image\":{\"@id\":\"https:\/\/oftalmedic.es\/de\/oftalmedic-salva-zweite-generation-treibt-innovation-in-der-augenheilkunde-voran\/#primaryimage\"},\"thumbnailUrl\":\"https:\/\/oftalmedic.es\/wp-content\/uploads\/2025\/12\/oftalmedic-salva-segunda-generacion-scaled.jpg\",\"datePublished\":\"2025-12-10T09:42:18+00:00\",\"description\":\"Oftalmedic Salv\u00e0: zweite Generation in der Augenheilkunde, mit einem klaren Bekenntnis zu Exzellenz und modernster Technologie.\",\"breadcrumb\":{\"@id\":\"https:\/\/oftalmedic.es\/de\/oftalmedic-salva-zweite-generation-treibt-innovation-in-der-augenheilkunde-voran\/#breadcrumb\"},\"inLanguage\":\"de\",\"potentialAction\":[{\"@type\":\"ReadAction\",\"target\":[\"https:\/\/oftalmedic.es\/de\/oftalmedic-salva-zweite-generation-treibt-innovation-in-der-augenheilkunde-voran\/\"]}]},{\"@type\":\"ImageObject\",\"inLanguage\":\"de\",\"@id\":\"https:\/\/oftalmedic.es\/de\/oftalmedic-salva-zweite-generation-treibt-innovation-in-der-augenheilkunde-voran\/#primaryimage\",\"url\":\"https:\/\/oftalmedic.es\/wp-content\/uploads\/2025\/12\/oftalmedic-salva-segunda-generacion-scaled.jpg\",\"contentUrl\":\"https:\/\/oftalmedic.es\/wp-content\/uploads\/2025\/12\/oftalmedic-salva-segunda-generacion-scaled.jpg\",\"width\":2560,\"height\":938,\"caption\":\"oftalmedic salva segunda generacion\"},{\"@type\":\"BreadcrumbList\",\"@id\":\"https:\/\/oftalmedic.es\/de\/oftalmedic-salva-zweite-generation-treibt-innovation-in-der-augenheilkunde-voran\/#breadcrumb\",\"itemListElement\":[{\"@type\":\"ListItem\",\"position\":1,\"name\":\"Portada\",\"item\":\"https:\/\/oftalmedic.es\/de\/\"},{\"@type\":\"ListItem\",\"position\":2,\"name\":\"Oftalmedic Salv\u00e0: Zweite Generation treibt Innovation in der Augenheilkunde voran\"}]},{\"@type\":\"WebSite\",\"@id\":\"https:\/\/oftalmedic.es\/de\/#website\",\"url\":\"https:\/\/oftalmedic.es\/de\/\",\"name\":\"Oftalmedic Salv\u00e1\",\"description\":\"Red de cl\u00ednicas oftalmol\u00f3gicas de referencia en Baleares. Pionera en tecnolog\u00eda l\u00e1ser para cirug\u00eda de cataratas y correcci\u00f3n de la miop\u00eda, hipermetrop\u00eda, astigmatismo y presbicia o vista cansada.\",\"publisher\":{\"@id\":\"https:\/\/oftalmedic.es\/de\/#organization\"},\"potentialAction\":[{\"@type\":\"SearchAction\",\"target\":{\"@type\":\"EntryPoint\",\"urlTemplate\":\"https:\/\/oftalmedic.es\/de\/?s={search_term_string}\"},\"query-input\":{\"@type\":\"PropertyValueSpecification\",\"valueRequired\":true,\"valueName\":\"search_term_string\"}}],\"inLanguage\":\"de\"},{\"@type\":\"Organization\",\"@id\":\"https:\/\/oftalmedic.es\/de\/#organization\",\"name\":\"[wpseo_titles]company_Nombre\",\"url\":\"https:\/\/oftalmedic.es\/de\/\",\"logo\":{\"@type\":\"ImageObject\",\"inLanguage\":\"de\",\"@id\":\"https:\/\/oftalmedic.es\/de\/#\/schema\/logo\/image\/\",\"url\":\"https:\/\/oftalmedic.es\/wp-content\/uploads\/2018\/06\/logo-oftalmedic.png\",\"contentUrl\":\"https:\/\/oftalmedic.es\/wp-content\/uploads\/2018\/06\/logo-oftalmedic.png\",\"width\":200,\"height\":58,\"caption\":\"[wpseo_titles]company_Nombre\"},\"image\":{\"@id\":\"https:\/\/oftalmedic.es\/de\/#\/schema\/logo\/image\/\"},\"sameAs\":[\"https:\/\/www.facebook.com\/OftalmedicSalva\/\",\"https:\/\/x.com\/OftalmedicSalva\",\"https:\/\/www.instagram.com\/oftalmedic_salva\",\"https:\/\/www.youtube.com\/channel\/UCWrAdUQk6ZmrfVUqBwX0cug\",\"https:\/\/www.linkedin.com\/company\/oftalmedic-clnica-salv\/\"]},{\"@type\":\"Person\",\"@id\":\"https:\/\/oftalmedic.es\/de\/#\/schema\/person\/761f6bd9d689d59ed1dcf2cdf915def1\",\"name\":\"Oftalmedic Salv\u00e0\"}]}<\/script>\n<!-- \/ Yoast SEO plugin. -->","yoast_head_json":{"title":"Oftalmedic Salv\u00e0 zweite Generation Augenheilkunde | Blog","description":"Oftalmedic Salv\u00e0: zweite Generation in der Augenheilkunde, mit einem klaren Bekenntnis zu Exzellenz und modernster Technologie.","robots":{"index":"index","follow":"follow","max-snippet":"max-snippet:-1","max-image-preview":"max-image-preview:large","max-video-preview":"max-video-preview:-1"},"canonical":"https:\/\/oftalmedic.es\/de\/oftalmedic-salva-zweite-generation-treibt-innovation-in-der-augenheilkunde-voran\/","og_locale":"de_DE","og_type":"article","og_title":"Oftalmedic Salv\u00e0 zweite Generation Augenheilkunde | Blog","og_description":"Oftalmedic Salv\u00e0: zweite Generation in der Augenheilkunde, mit einem klaren Bekenntnis zu Exzellenz und modernster Technologie.","og_url":"https:\/\/oftalmedic.es\/de\/oftalmedic-salva-zweite-generation-treibt-innovation-in-der-augenheilkunde-voran\/","og_site_name":"Oftalmedic Salv\u00e1","article_publisher":"https:\/\/www.facebook.com\/OftalmedicSalva\/","article_published_time":"2025-12-10T09:42:18+00:00","og_image":[{"width":2560,"height":938,"url":"https:\/\/oftalmedic.es\/wp-content\/uploads\/2025\/12\/oftalmedic-salva-segunda-generacion-scaled.jpg","type":"image\/jpeg"}],"author":"Oftalmedic Salv\u00e0","twitter_card":"summary_large_image","twitter_creator":"@OftalmedicSalva","twitter_site":"@OftalmedicSalva","twitter_misc":{"Verfasst von":"Oftalmedic Salv\u00e0","Gesch\u00e4tzte Lesezeit":"2\u00a0Minuten"},"schema":{"@context":"https:\/\/schema.org","@graph":[{"@type":"Article","@id":"https:\/\/oftalmedic.es\/de\/oftalmedic-salva-zweite-generation-treibt-innovation-in-der-augenheilkunde-voran\/#article","isPartOf":{"@id":"https:\/\/oftalmedic.es\/de\/oftalmedic-salva-zweite-generation-treibt-innovation-in-der-augenheilkunde-voran\/"},"author":{"name":"Oftalmedic Salv\u00e0","@id":"https:\/\/oftalmedic.es\/de\/#\/schema\/person\/761f6bd9d689d59ed1dcf2cdf915def1"},"headline":"Oftalmedic Salv\u00e0: Zweite Generation treibt Innovation in der Augenheilkunde voran","datePublished":"2025-12-10T09:42:18+00:00","mainEntityOfPage":{"@id":"https:\/\/oftalmedic.es\/de\/oftalmedic-salva-zweite-generation-treibt-innovation-in-der-augenheilkunde-voran\/"},"wordCount":454,"commentCount":0,"publisher":{"@id":"https:\/\/oftalmedic.es\/de\/#organization"},"image":{"@id":"https:\/\/oftalmedic.es\/de\/oftalmedic-salva-zweite-generation-treibt-innovation-in-der-augenheilkunde-voran\/#primaryimage"},"thumbnailUrl":"https:\/\/oftalmedic.es\/wp-content\/uploads\/2025\/12\/oftalmedic-salva-segunda-generacion-scaled.jpg","keywords":["Augen\u00e4rzte","Dr. Salv\u00e0s Kinder","Mallorca","Oftalmedic Salv\u00e0","zweite generation"],"articleSection":["Oftalmedic Salv\u00e0 Gruppe"],"inLanguage":"de","potentialAction":[{"@type":"CommentAction","name":"Comment","target":["https:\/\/oftalmedic.es\/de\/oftalmedic-salva-zweite-generation-treibt-innovation-in-der-augenheilkunde-voran\/#respond"]}]},{"@type":"WebPage","@id":"https:\/\/oftalmedic.es\/de\/oftalmedic-salva-zweite-generation-treibt-innovation-in-der-augenheilkunde-voran\/","url":"https:\/\/oftalmedic.es\/de\/oftalmedic-salva-zweite-generation-treibt-innovation-in-der-augenheilkunde-voran\/","name":"Oftalmedic Salv\u00e0 zweite Generation Augenheilkunde | Blog","isPartOf":{"@id":"https:\/\/oftalmedic.es\/de\/#website"},"primaryImageOfPage":{"@id":"https:\/\/oftalmedic.es\/de\/oftalmedic-salva-zweite-generation-treibt-innovation-in-der-augenheilkunde-voran\/#primaryimage"},"image":{"@id":"https:\/\/oftalmedic.es\/de\/oftalmedic-salva-zweite-generation-treibt-innovation-in-der-augenheilkunde-voran\/#primaryimage"},"thumbnailUrl":"https:\/\/oftalmedic.es\/wp-content\/uploads\/2025\/12\/oftalmedic-salva-segunda-generacion-scaled.jpg","datePublished":"2025-12-10T09:42:18+00:00","description":"Oftalmedic Salv\u00e0: zweite Generation in der Augenheilkunde, mit einem klaren Bekenntnis zu Exzellenz und modernster Technologie.","breadcrumb":{"@id":"https:\/\/oftalmedic.es\/de\/oftalmedic-salva-zweite-generation-treibt-innovation-in-der-augenheilkunde-voran\/#breadcrumb"},"inLanguage":"de","potentialAction":[{"@type":"ReadAction","target":["https:\/\/oftalmedic.es\/de\/oftalmedic-salva-zweite-generation-treibt-innovation-in-der-augenheilkunde-voran\/"]}]},{"@type":"ImageObject","inLanguage":"de","@id":"https:\/\/oftalmedic.es\/de\/oftalmedic-salva-zweite-generation-treibt-innovation-in-der-augenheilkunde-voran\/#primaryimage","url":"https:\/\/oftalmedic.es\/wp-content\/uploads\/2025\/12\/oftalmedic-salva-segunda-generacion-scaled.jpg","contentUrl":"https:\/\/oftalmedic.es\/wp-content\/uploads\/2025\/12\/oftalmedic-salva-segunda-generacion-scaled.jpg","width":2560,"height":938,"caption":"oftalmedic salva segunda generacion"},{"@type":"BreadcrumbList","@id":"https:\/\/oftalmedic.es\/de\/oftalmedic-salva-zweite-generation-treibt-innovation-in-der-augenheilkunde-voran\/#breadcrumb","itemListElement":[{"@type":"ListItem","position":1,"name":"Portada","item":"https:\/\/oftalmedic.es\/de\/"},{"@type":"ListItem","position":2,"name":"Oftalmedic Salv\u00e0: Zweite Generation treibt Innovation in der Augenheilkunde voran"}]},{"@type":"WebSite","@id":"https:\/\/oftalmedic.es\/de\/#website","url":"https:\/\/oftalmedic.es\/de\/","name":"Oftalmedic Salv\u00e1","description":"Red de cl\u00ednicas oftalmol\u00f3gicas de referencia en Baleares. Pionera en tecnolog\u00eda l\u00e1ser para cirug\u00eda de cataratas y correcci\u00f3n de la miop\u00eda, hipermetrop\u00eda, astigmatismo y presbicia o vista cansada.","publisher":{"@id":"https:\/\/oftalmedic.es\/de\/#organization"},"potentialAction":[{"@type":"SearchAction","target":{"@type":"EntryPoint","urlTemplate":"https:\/\/oftalmedic.es\/de\/?s={search_term_string}"},"query-input":{"@type":"PropertyValueSpecification","valueRequired":true,"valueName":"search_term_string"}}],"inLanguage":"de"},{"@type":"Organization","@id":"https:\/\/oftalmedic.es\/de\/#organization","name":"[wpseo_titles]company_Nombre","url":"https:\/\/oftalmedic.es\/de\/","logo":{"@type":"ImageObject","inLanguage":"de","@id":"https:\/\/oftalmedic.es\/de\/#\/schema\/logo\/image\/","url":"https:\/\/oftalmedic.es\/wp-content\/uploads\/2018\/06\/logo-oftalmedic.png","contentUrl":"https:\/\/oftalmedic.es\/wp-content\/uploads\/2018\/06\/logo-oftalmedic.png","width":200,"height":58,"caption":"[wpseo_titles]company_Nombre"},"image":{"@id":"https:\/\/oftalmedic.es\/de\/#\/schema\/logo\/image\/"},"sameAs":["https:\/\/www.facebook.com\/OftalmedicSalva\/","https:\/\/x.com\/OftalmedicSalva","https:\/\/www.instagram.com\/oftalmedic_salva","https:\/\/www.youtube.com\/channel\/UCWrAdUQk6ZmrfVUqBwX0cug","https:\/\/www.linkedin.com\/company\/oftalmedic-clnica-salv\/"]},{"@type":"Person","@id":"https:\/\/oftalmedic.es\/de\/#\/schema\/person\/761f6bd9d689d59ed1dcf2cdf915def1","name":"Oftalmedic Salv\u00e0"}]}},"_links":{"self":[{"href":"https:\/\/oftalmedic.es\/de\/wp-json\/wp\/v2\/posts\/13339","targetHints":{"allow":["GET"]}}],"collection":[{"href":"https:\/\/oftalmedic.es\/de\/wp-json\/wp\/v2\/posts"}],"about":[{"href":"https:\/\/oftalmedic.es\/de\/wp-json\/wp\/v2\/types\/post"}],"author":[{"embeddable":true,"href":"https:\/\/oftalmedic.es\/de\/wp-json\/wp\/v2\/users\/5"}],"replies":[{"embeddable":true,"href":"https:\/\/oftalmedic.es\/de\/wp-json\/wp\/v2\/comments?post=13339"}],"version-history":[{"count":0,"href":"https:\/\/oftalmedic.es\/de\/wp-json\/wp\/v2\/posts\/13339\/revisions"}],"wp:featuredmedia":[{"embeddable":true,"href":"https:\/\/oftalmedic.es\/de\/wp-json\/wp\/v2\/media\/13336"}],"wp:attachment":[{"href":"https:\/\/oftalmedic.es\/de\/wp-json\/wp\/v2\/media?parent=13339"}],"wp:term":[{"taxonomy":"category","embeddable":true,"href":"https:\/\/oftalmedic.es\/de\/wp-json\/wp\/v2\/categories?post=13339"},{"taxonomy":"post_tag","embeddable":true,"href":"https:\/\/oftalmedic.es\/de\/wp-json\/wp\/v2\/tags?post=13339"}],"curies":[{"name":"wp","href":"https:\/\/api.w.org\/{rel}","templated":true}]}}